{"id":496,"date":"2005-11-01T23:25:14","date_gmt":"2005-11-01T22:25:14","guid":{"rendered":"http:\/\/www.marblestation.com\/blog\/?p=496"},"modified":"2012-04-26T17:37:46","modified_gmt":"2012-04-26T15:37:46","slug":"reflexion-sobre-el-mito-de-la-caverna","status":"publish","type":"post","link":"https:\/\/www.marblestation.com\/?p=496","title":{"rendered":"Reflexi\u00f3n sobre el mito de la caverna"},"content":{"rendered":"<p><img decoding=\"async\" src=\"http:\/\/www.xtec.es\/~lvallmaj\/passeig\/plato.jpg\" align=\"left\"\/>En una asignatura del MBA nos han pedido realizar una reflexi\u00f3n sobre el conocido <a href=\"http:\/\/www.xtec.es\/~lvallmaj\/passeig\/plato2.htm\">Mito de la caverna<\/a> de <a href=\"http:\/\/es.wikipedia.org\/wiki\/Plat%C3%B3n\">Plat\u00f3n<\/a> (libro VII de la Rep\u00fablica), este es mi pensamiento:<\/p>\n<p>El frecuente rechazo a los cambios en nuestra sociedad se ve claramente reflejado en el relato del mito de Plat\u00f3n.<\/p>\n<p>El ser humano se ha convertido en un animal de costumbres, aceptando por completo la rutina diaria y temiendo cualquier variaci\u00f3n de sus creencias yo h\u00e1bitos.<\/p>\n<p>Heredamos y hacemos nuestra la tradici\u00f3n, sin llegar a razonar el porque de dicha tradici\u00f3n. Nos volvemos esclavos de nuestra cultura e historia y se\u00f1alamos con el dedo a que ose juzgar lo com\u00fanmente aceptado.<\/p>\n<p>La humanidad ha evolucionado gracias a aquellas personas inconformistas que han querido llegar m\u00e1s lejos, sin embargo cient\u00edficos, fil\u00f3sofos, humanistas&#8230;. miles de ellos se han visto inicialmente humillados por sus ideas o teor\u00edas revolucionarias.<\/p>\n<p>El tiempo ha demostrado que ninguna civilizaci\u00f3n pasada estaba en posesi\u00f3n de la verdad absoluta, por tanto debemos reconocer que nuestra verdad puede ser la mentira del futuro.<\/p>\n","protected":false},"excerpt":{"rendered":"<p>En una asignatura del MBA nos han pedido realizar una reflexi\u00f3n sobre el conocido Mito de la caverna de Plat\u00f3n (libro VII de la Rep\u00fablica), este es mi pensamiento: El frecuente rechazo a los cambios en nuestra sociedad se ve claramente reflejado en el relato del mito de Plat\u00f3n. El ser humano se ha convertido &hellip; <a href=\"https:\/\/www.marblestation.com\/?p=496\" class=\"more-link\">Continue reading <span class=\"screen-reader-text\">Reflexi\u00f3n sobre el mito de la caverna<\/span> <span class=\"meta-nav\">&rarr;<\/span><\/a><\/p>\n","protected":false},"author":1,"featured_media":0,"comment_status":"open","ping_status":"closed","sticky":false,"template":"","format":"standard","meta":{"footnotes":""},"categories":[1,8],"tags":[],"class_list":["post-496","post","type-post","status-publish","format-standard","hentry","category-espanyol","category-otros"],"_links":{"self":[{"href":"https:\/\/www.marblestation.com\/index.php?rest_route=\/wp\/v2\/posts\/496","targetHints":{"allow":["GET"]}}],"collection":[{"href":"https:\/\/www.marblestation.com\/index.php?rest_route=\/wp\/v2\/posts"}],"about":[{"href":"https:\/\/www.marblestation.com\/index.php?rest_route=\/wp\/v2\/types\/post"}],"author":[{"embeddable":true,"href":"https:\/\/www.marblestation.com\/index.php?rest_route=\/wp\/v2\/users\/1"}],"replies":[{"embeddable":true,"href":"https:\/\/www.marblestation.com\/index.php?rest_route=%2Fwp%2Fv2%2Fcomments&post=496"}],"version-history":[{"count":1,"href":"https:\/\/www.marblestation.com\/index.php?rest_route=\/wp\/v2\/posts\/496\/revisions"}],"predecessor-version":[{"id":1418,"href":"https:\/\/www.marblestation.com\/index.php?rest_route=\/wp\/v2\/posts\/496\/revisions\/1418"}],"wp:attachment":[{"href":"https:\/\/www.marblestation.com\/index.php?rest_route=%2Fwp%2Fv2%2Fmedia&parent=496"}],"wp:term":[{"taxonomy":"category","embeddable":true,"href":"https:\/\/www.marblestation.com\/index.php?rest_route=%2Fwp%2Fv2%2Fcategories&post=496"},{"taxonomy":"post_tag","embeddable":true,"href":"https:\/\/www.marblestation.com\/index.php?rest_route=%2Fwp%2Fv2%2Ftags&post=496"}],"curies":[{"name":"wp","href":"https:\/\/api.w.org\/{rel}","templated":true}]}}