{"id":499,"date":"2005-11-04T09:47:14","date_gmt":"2005-11-04T08:47:14","guid":{"rendered":"http:\/\/www.marblestation.com\/blog\/?p=499"},"modified":"2012-04-26T17:29:25","modified_gmt":"2012-04-26T15:29:25","slug":"%c2%bfdonde-puedo-ir-a-ver-el-cielo","status":"publish","type":"post","link":"https:\/\/www.marblestation.com\/?p=499","title":{"rendered":"\u00bfDonde puedo ir a ver el cielo?"},"content":{"rendered":"<p>Viernes 4 de Noviembre, son las 7:12. El vag\u00f3n del tren tiembla anormalmente, parece anunciar un mal presagio. Tres personas \u00e1rabes\/musulmanes\/marroqu\u00edes sentadas en el lateral izquierdo tienen en su poder una mochila por cabeza, su contenido&#8230; podr\u00eda ser comida para su jornada de trabajo, podr\u00edan ser libros o incluso podr\u00eda ser la muerte. Mi mente activa el mecanismo del p\u00e1nico y empieza a dudar de la bondad de dichas personas, quiz\u00e1s son m\u00e1s humildes y amigables que los propios Catalanes\/Espa\u00f1oles que viajamos en el tren, o quiz\u00e1s son fervientes creyentes con un odio incipiente contra el occidente cristiano.<\/p>\n<p>Te planteas que ocurrir\u00eda si hoy fuese el d\u00eda en el que dices adi\u00f3s al mundo, curiosa palabra&#8230; &#8220;adi\u00f3s&#8221;. \u00bfLos supuestamente cristianos ir\u00edamos al lado de Dios? \u00bfLos musulmanes ir\u00edan al lado de Al\u00e1? Si aceptamos un ser creador, \u00bfDios y Al\u00e1 no son la misma entidad? Por tanto, \u00bfVolver\u00edamos a estar todos juntos en el cielo? Pecadores y puritanos, puritanos y pecadores volver\u00edan a enfrentarse en un para\u00edso divino por creerse poseedores de la verdad. Si Dios\/Al\u00e1 estuviese all\u00ed, se plantear\u00eda volverlos a traer a la tierra dado que no han aprendido a\u00fan la lecci\u00f3n.<br \/>\n<!--more--><br \/>\nDecir que no soy creyente es seguramente incorrecto, creo en todo aquello que se puede demostrar cient\u00edficamente y creo que todo aquello demostrado puede ser invalidado por nuevas teor\u00edas\/experimentos. Sin embargo, me encuentro en medio de una guerra que lo \u00fanico que me aporta es miedo. \u00bfCulpa de los musulmanes radicales? \u00bfCulpa de los cristianos radicalmente encubiertos (Sr. Bush, Sr. Aznar, pueblo consentidor, &#8230;)? Todos tenemos culpa, todos somos pecadores seg\u00fan las doctrinas religiosas que ni los propios religiosos son capaces de cumplir.<\/p>\n<p>Si hoy fuese mi \u00faltimo d\u00eda morir\u00eda vac\u00edo, \u00bfQu\u00e9 he aportado a este mundo? Nada. Seguramente es la sensaci\u00f3n que tienen la mayor\u00eda de los seres humanos al llegar al final de su camino, me gustar\u00eda poder aportar m\u00e1s de lo que he aportado. He querido y quiero a muchas personas de mi vida, las echar\u00eda mucho de menos&#8230; curiosamente hablo como si hubiese algo m\u00e1s all\u00e1 de la muerte, supongo que aunque no crea en el cielo, mi educaci\u00f3n occidental me sigue teniendo encadenado. En cualquier caso, voy a dejar este dialogo porque no quiero ponerme melanc\u00f3lico.<\/p>\n<p>Seguramente, este miedo puntual que podemos tener en occidente no es nada comparado a lo que seria vivir en lugares como Palestina. Pero a\u00fan as\u00ed, cualquier sociedad deber\u00eda poder liberarse de dichos temores. El miedo a morir por un accidente puede ser racionalmente aceptado, el miedo a morir por un enfrentamiento entre religiones irracionales no puede ser tolerado.<\/p>\n<p>Por supuesto en todos los lugares hay personas de todos los tipos, radicales, moderados, pacifistas&#8230; pero por mis experiencias personales creo que la religi\u00f3n en general, aun siendo no creyente o moderado, puede fomentar un cambio en la persona hasta llegar al radicalismo m\u00e1s incoherente. \u00bfPorque no olvidarnos de los dogmatismos? Si fu\u00e9semos capaces de eliminar de todas las religiones las capas superfluas y conflictivas, si no nos importase que detr\u00e1s de ellas hay un Jes\u00fas o un Mahoma, ver\u00edamos que los valores \u00e9ticos son denominador com\u00fan de todas ellas.<\/p>\n<p>Los valores \u00e9ticos deber\u00edan formar la &#8220;religi\u00f3n&#8221; del futuro, si a ello, cada persona quiere a\u00f1adir de forma individual y personalizada su propia teor\u00eda (e.g. la existencia de un cielo donde reunirse con sus seres queridos) deber\u00eda ser tolerado siempre y cuando sea tratada de creencia personal, fe no demostrable. \u00bfPuede el ser humano vivir sin este tipo de creencias que hagan menos dura su existencia? No es f\u00e1cil perder a un ser muy cercano, y quiz\u00e1s no estamos preparados para ello, pero esto no debe cegarnos en la imposici\u00f3n de nuestras ideas.<\/p>\n<p>En cualquier caso, el elemento que se deber\u00eda transmitir de generaci\u00f3n en generaci\u00f3n, de padres a hijos, de profesor a alumno, deber\u00eda ser siempre esa \u00e9tica libre de fe no demostrable. La &#8220;fe&#8221; puede tener varias connotaciones, yo tengo fe en que Jap\u00f3n existe. No obstante, nunca he estado en Jap\u00f3n, nunca he pisado suelo japon\u00e9s pero creo en las personas que dicen que es real. \u00bfEs comparable a la fe religiosa? No, cuando quiera puedo ir a ver Jap\u00f3n y demostrarme a mi mismo que existe sin consecuencias mayores. \u00bfDonde puedo ir a ver el cielo?<\/p>\n","protected":false},"excerpt":{"rendered":"<p>Viernes 4 de Noviembre, son las 7:12. El vag\u00f3n del tren tiembla anormalmente, parece anunciar un mal presagio. Tres personas \u00e1rabes\/musulmanes\/marroqu\u00edes sentadas en el lateral izquierdo tienen en su poder una mochila por cabeza, su contenido&#8230; podr\u00eda ser comida para su jornada de trabajo, podr\u00edan ser libros o incluso podr\u00eda ser la muerte. Mi mente &hellip; <a href=\"https:\/\/www.marblestation.com\/?p=499\" class=\"more-link\">Continue reading <span class=\"screen-reader-text\">\u00bfDonde puedo ir a ver el cielo?<\/span> <span class=\"meta-nav\">&rarr;<\/span><\/a><\/p>\n","protected":false},"author":1,"featured_media":0,"comment_status":"open","ping_status":"closed","sticky":false,"template":"","format":"standard","meta":{"footnotes":""},"categories":[7,1],"tags":[],"class_list":["post-499","post","type-post","status-publish","format-standard","hentry","category-ciencia","category-espanyol"],"_links":{"self":[{"href":"https:\/\/www.marblestation.com\/index.php?rest_route=\/wp\/v2\/posts\/499","targetHints":{"allow":["GET"]}}],"collection":[{"href":"https:\/\/www.marblestation.com\/index.php?rest_route=\/wp\/v2\/posts"}],"about":[{"href":"https:\/\/www.marblestation.com\/index.php?rest_route=\/wp\/v2\/types\/post"}],"author":[{"embeddable":true,"href":"https:\/\/www.marblestation.com\/index.php?rest_route=\/wp\/v2\/users\/1"}],"replies":[{"embeddable":true,"href":"https:\/\/www.marblestation.com\/index.php?rest_route=%2Fwp%2Fv2%2Fcomments&post=499"}],"version-history":[{"count":1,"href":"https:\/\/www.marblestation.com\/index.php?rest_route=\/wp\/v2\/posts\/499\/revisions"}],"predecessor-version":[{"id":1414,"href":"https:\/\/www.marblestation.com\/index.php?rest_route=\/wp\/v2\/posts\/499\/revisions\/1414"}],"wp:attachment":[{"href":"https:\/\/www.marblestation.com\/index.php?rest_route=%2Fwp%2Fv2%2Fmedia&parent=499"}],"wp:term":[{"taxonomy":"category","embeddable":true,"href":"https:\/\/www.marblestation.com\/index.php?rest_route=%2Fwp%2Fv2%2Fcategories&post=499"},{"taxonomy":"post_tag","embeddable":true,"href":"https:\/\/www.marblestation.com\/index.php?rest_route=%2Fwp%2Fv2%2Ftags&post=499"}],"curies":[{"name":"wp","href":"https:\/\/api.w.org\/{rel}","templated":true}]}}